{"id":21765,"global_id":"www.dianacooperschoolofwhitelight.com\/de\/?id=21765","global_id_lineage":["www.dianacooperschoolofwhitelight.com\/de\/?id=21765"],"author":"49","status":"publish","date":"2025-12-08 18:04:49","date_utc":"2025-12-08 18:04:49","modified":"2026-02-03 17:40:19","modified_utc":"2026-02-03 17:40:19","url":"https:\/\/www.dianacooperschoolofwhitelight.com\/de\/course\/erwecke-die-koenigin-in-dir\/","rest_url":"https:\/\/www.dianacooperschoolofwhitelight.com\/de\/wp-json\/tribe\/events\/v1\/events\/21765","title":"Erwecke die K\u00f6nigin in dir","description":"<p>Ein Kurs der Extraklasse f\u00fcr Frauen!<\/p>\n<p class=\"cvGsUA direction-ltr align-end para-style-body\"><span class=\"a_GcMg font-feature-liga-off font-feature-clig-off font-feature-calt-off text-decoration-none text-strikethrough-none\">Bist du bereit, deine innere\u00a0<\/span><span class=\"a_GcMg font-feature-liga-off font-feature-clig-off font-feature-calt-off text-decoration-none text-strikethrough-none\">K\u00f6nigin zu aktivieren?<br \/>\n<\/span><span class=\"a_GcMg font-feature-liga-off font-feature-clig-off font-feature-calt-off text-decoration-none text-strikethrough-none\">Lass uns gemeinsam\u00a0<\/span><span class=\"a_GcMg font-feature-liga-off font-feature-clig-off font-feature-calt-off text-decoration-none text-strikethrough-none\">auf eine spannende\u00a0<\/span><span class=\"a_GcMg font-feature-liga-off font-feature-clig-off font-feature-calt-off text-decoration-none text-strikethrough-none\">und inspirierende\u00a0<\/span><span class=\"a_GcMg font-feature-liga-off font-feature-clig-off font-feature-calt-off text-decoration-none text-strikethrough-none\">Reise gehen!<\/span><\/p>\n<p class=\"cvGsUA direction-ltr align-end para-style-body\"><span class=\"a_GcMg font-feature-liga-off font-feature-clig-off font-feature-calt-off text-decoration-none text-strikethrough-none\">In einer wertsch\u00e4tzenden\u00a0<\/span><span class=\"a_GcMg font-feature-liga-off font-feature-clig-off font-feature-calt-off text-decoration-none text-strikethrough-none\">Atmosph\u00e4re erf\u00e4hrst du, <\/span><\/p>\n<p class=\"cvGsUA direction-ltr align-end para-style-body\"><span class=\"a_GcMg font-feature-liga-off font-feature-clig-off font-feature-calt-off text-decoration-none text-strikethrough-none\">~ was die K\u00f6niginnen-Energie bedeutet<\/span><\/p>\n<p class=\"cvGsUA direction-ltr align-justify para-style-body\"><span class=\"a_GcMg font-feature-liga-off font-feature-clig-off font-feature-calt-off text-decoration-none text-strikethrough-none\">~ welche Qualit\u00e4ten damit verbunden sind<\/span><\/p>\n<p class=\"cvGsUA direction-ltr align-justify para-style-body\"><span class=\"a_GcMg font-feature-liga-off font-feature-clig-off font-feature-calt-off text-decoration-none text-strikethrough-none\">~ wo du selbst stehst<\/span><\/p>\n<p class=\"cvGsUA direction-ltr align-justify para-style-body\"><span class=\"a_GcMg font-feature-liga-off font-feature-clig-off font-feature-calt-off text-decoration-none text-strikethrough-none\">~ wie du dich mit dieser Energie verbinden<\/span><\/p>\n<p class=\"cvGsUA direction-ltr align-justify para-style-body\"><span class=\"a_GcMg font-feature-liga-off font-feature-clig-off font-feature-calt-off text-decoration-none text-strikethrough-none\">~ und deine innere K\u00f6nigin erbl\u00fchen lassen <\/span><span class=\"a_GcMg font-feature-liga-off font-feature-clig-off font-feature-calt-off text-decoration-none text-strikethrough-none\">kannst.<\/span><\/p>\n<p class=\"cvGsUA direction-ltr align-start para-style-body\"><span class=\"a_GcMg font-feature-liga-off font-feature-clig-off font-feature-calt-off text-decoration-none text-strikethrough-none\">Freue dich darauf, Gleichgesinnte zu treffen, die dich auf deinem Weg begleiten. Bringe dein Licht zum Strahlen, belichte deine Gaben und Talente und erm\u00e4chtige dich, neue Schritte zu gehen.<\/span><\/p>\n<p class=\"cvGsUA direction-ltr align-start para-style-body\"><span class=\"a_GcMg font-feature-liga-off font-feature-clig-off font-feature-calt-off text-decoration-none text-strikethrough-none\">Gemeinsam erkunden wir, was es braucht, um deine innere\u00a0<\/span><span class=\"a_GcMg font-feature-liga-off font-feature-clig-off font-feature-calt-off text-decoration-none text-strikethrough-none\">K\u00f6nigin voller Freude und mit Leichtigkeit<\/span> <span class=\"a_GcMg font-feature-liga-off font-feature-clig-off font-feature-calt-off text-decoration-none text-strikethrough-none\">zu erwecken.<\/span><\/p>\n<p class=\"cvGsUA direction-ltr align-end para-style-body\"><span class=\"a_GcMg font-feature-liga-off font-feature-clig-off font-feature-calt-off text-decoration-none text-strikethrough-none\">Es erwarten dich zwei au\u00dfergew\u00f6hnliche\u00a0<\/span><span class=\"a_GcMg font-feature-liga-off font-feature-clig-off font-feature-calt-off text-decoration-none text-strikethrough-none\">Tage voller Inspiration, Wachstum,\u00a0<\/span><span class=\"a_GcMg font-feature-liga-off font-feature-clig-off font-feature-calt-off text-decoration-none text-strikethrough-none\">Freude und positiver Energie.<\/span><\/p>\n<p class=\"cvGsUA direction-ltr align-end para-style-body\"><span class=\"a_GcMg font-feature-liga-off font-feature-clig-off font-feature-calt-off text-decoration-none text-strikethrough-none\">Neben Spiel und Spa\u00df stehen\u00a0<\/span><span class=\"a_GcMg font-feature-liga-off font-feature-clig-off font-feature-calt-off text-decoration-none text-strikethrough-none\">Unterricht, \u00dcbungen, Aus<\/span><span class=\"a_GcMg font-feature-liga-off font-feature-clig-off font-feature-calt-off text-decoration-none text-strikethrough-none\">tausch, Visualisierungen\u00a0<\/span><span class=\"a_GcMg font-feature-liga-off font-feature-clig-off font-feature-calt-off text-decoration-none text-strikethrough-none\">und eine wundersch\u00f6ne\u00a0<\/span><span class=\"a_GcMg font-feature-liga-off font-feature-clig-off font-feature-calt-off text-decoration-none text-strikethrough-none\">Zeremonie auf dem Programm.<\/span><\/p>\n<p class=\"cvGsUA direction-ltr align-end para-style-body\"><span class=\"a_GcMg font-feature-liga-off font-feature-clig-off font-feature-calt-off text-decoration-none text-strikethrough-none\">Melde dich an und \u00f6ffne dich\u00a0<\/span><span class=\"a_GcMg font-feature-liga-off font-feature-clig-off font-feature-calt-off text-decoration-none text-strikethrough-none\">daf\u00fcr, dich neu zu entdecken!<\/span><\/p>\n<p class=\"cvGsUA direction-ltr align-justify para-style-body\"><span class=\"a_GcMg font-feature-liga-off font-feature-clig-off font-feature-calt-off text-decoration-none text-strikethrough-none\">Hier die wichtigsten Daten im \u00dcberblick:<\/span><\/p>\n<p class=\"cvGsUA direction-ltr align-justify para-style-body\"><span class=\"a_GcMg font-feature-liga-off font-feature-clig-off font-feature-calt-off text-decoration-none text-strikethrough-none\">Beginn:\u00a0 \u00a0 \u00a0Samstag, den 07.03.2026, um 10:00 Uhr<\/span><\/p>\n<p class=\"cvGsUA direction-ltr align-justify para-style-body\"><span class=\"a_GcMg font-feature-liga-off font-feature-clig-off font-feature-calt-off text-decoration-none text-strikethrough-none\">Ende:<\/span>\u00a0 \u00a0 \u00a0 \u00a0 <span class=\"a_GcMg font-feature-liga-off font-feature-clig-off font-feature-calt-off text-decoration-none text-strikethrough-none\">Sonntag, den 08.03.2026, um ca. 16:00\/17:00 Uhr.<\/span><\/p>\n<p class=\"cvGsUA direction-ltr align-justify para-style-body\"><span class=\"a_GcMg font-feature-liga-off font-feature-clig-off font-feature-calt-off text-decoration-none text-strikethrough-none\">Ort:<\/span>\u00a0 \u00a0 \u00a0 \u00a0 \u00a0 \u00a0<span class=\"a_GcMg font-feature-liga-off font-feature-clig-off font-feature-calt-off text-decoration-none text-strikethrough-none\">88682 Salem am Bodensee (Baden-W\u00fcrttemberg),\u00a0<\/span><span class=\"a_GcMg font-feature-liga-off font-feature-clig-off font-feature-calt-off text-decoration-none text-strikethrough-none\">Deutschland<\/span><\/p>\n<p class=\"cvGsUA direction-ltr align-justify para-style-body\"><span class=\"a_GcMg font-feature-liga-off font-feature-clig-off font-feature-calt-off text-decoration-none text-strikethrough-none\">Kosten:<\/span>\u00a0 \u00a0 \u00a0<span class=\"a_GcMg font-feature-liga-off font-feature-clig-off font-feature-calt-off text-decoration-none text-strikethrough-none\">440,00 EUR pro Person\u00a0<\/span><\/p>\n<p class=\"cvGsUA direction-ltr align-justify para-style-body\"><span class=\"a_GcMg font-feature-liga-off font-feature-clig-off font-feature-calt-off text-decoration-none text-strikethrough-none\">Getr\u00e4nke und Snacks w\u00e4hrend des Seminars sind inklusive, die Kosten f\u00fcr <\/span><span class=\"a_GcMg font-feature-liga-off font-feature-clig-off font-feature-calt-off text-decoration-none text-strikethrough-none\">Mittags- und Abendverpflegung sind von den Teilnehmerinnen selbst zu tragen.<\/span><\/p>\n<p class=\"cvGsUA direction-ltr align-justify para-style-body\"><span class=\"a_GcMg font-feature-liga-off font-feature-clig-off font-feature-calt-off text-decoration-none text-strikethrough-none\">Bitte bringe folgendes zum Seminar mit:<\/span><\/p>\n<p class=\"cvGsUA direction-ltr align-justify para-style-body\"><span class=\"a_GcMg font-feature-liga-off font-feature-clig-off font-feature-calt-off text-decoration-none text-strikethrough-none\">~ dicke Socken oder Hausschuhe<\/span><\/p>\n<p class=\"cvGsUA direction-ltr align-justify para-style-body\"><span class=\"a_GcMg font-feature-liga-off font-feature-clig-off font-feature-calt-off text-decoration-none text-strikethrough-none\">~ bequeme, warme Kleidung<\/span><\/p>\n<p class=\"cvGsUA direction-ltr align-justify para-style-body\"><span class=\"a_GcMg font-feature-liga-off font-feature-clig-off font-feature-calt-off text-decoration-none text-strikethrough-none\">~ ein festliches Gewand f\u00fcr die Zeremonie<\/span><\/p>\n<p class=\"cvGsUA direction-ltr align-justify para-style-body\"><span class=\"a_GcMg font-feature-liga-off font-feature-clig-off font-feature-calt-off text-decoration-none text-strikethrough-none\">~ und das, was du brauchst, um dich wohlzuf\u00fchlen.<\/span><\/p>\n<p>Weitere Informationen und die M\u00f6glichkeit zur Anmeldung findest du hier:<\/p>\n<p><a href=\"https:\/\/praxis-detlefs.de\/erwecke-die-koenigin-in-dir\/\">Erwecke die K\u00f6nigin in dir | praxis-detlefs.de<\/a><\/p>\n<p>Bitte verzichte vor, w\u00e4hrend und nach dem Kurs auf Alkohol\/Drogen sowie auf aggressive Medien wie bspw. Krimis. Danke!<\/p>\n<p>Die Teilnahme am Seminar ersetzt keine Behandlung beim Arzt, Heilpraktiker oder Psychotherapeuten. Eine laufende Behandlung soll nicht unterbrochen oder abgebrochen werden bzw. eine k\u00fcnftig notwendige Behandlung nicht aufgeschoben werden. Ein Heilversprechen wird von mir nicht gegeben.<\/p>\n<p>Ich freue mich auf die gemeinsame Zeit mit dir!<\/p>\n<p>Herzliche Gr\u00fc\u00dfe,<br \/>\nDeine<br \/>\nWiebke.<\/p>\n<p>www.praxis-detlefs.de<\/p>","excerpt":"","slug":"erwecke-die-koenigin-in-dir","image":{"url":"https:\/\/www.dianacooperschoolofwhitelight.com\/wp-content\/uploads\/2025\/12\/Erwecke-deine-Koenigin.jpg","id":21767,"extension":"jpg","width":940,"height":788,"filesize":170478,"sizes":{"medium":{"width":300,"height":251,"mime-type":"image\/jpeg","filesize":10415,"url":"https:\/\/www.dianacooperschoolofwhitelight.com\/wp-content\/uploads\/2025\/12\/Erwecke-deine-Koenigin-300x251.jpg"},"thumbnail":{"width":150,"height":150,"mime-type":"image\/jpeg","filesize":4395,"url":"https:\/\/www.dianacooperschoolofwhitelight.com\/wp-content\/uploads\/2025\/12\/Erwecke-deine-Koenigin-150x150.jpg"},"medium_large":{"width":768,"height":644,"mime-type":"image\/jpeg","filesize":48459,"url":"https:\/\/www.dianacooperschoolofwhitelight.com\/wp-content\/uploads\/2025\/12\/Erwecke-deine-Koenigin-768x644.jpg"},"blog-large":{"width":669,"height":272,"mime-type":"image\/jpeg","filesize":24911,"url":"https:\/\/www.dianacooperschoolofwhitelight.com\/wp-content\/uploads\/2025\/12\/Erwecke-deine-Koenigin-669x272.jpg"},"blog-medium":{"width":320,"height":202,"mime-type":"image\/jpeg","filesize":10189,"url":"https:\/\/www.dianacooperschoolofwhitelight.com\/wp-content\/uploads\/2025\/12\/Erwecke-deine-Koenigin-320x202.jpg"},"recent-posts":{"width":700,"height":441,"mime-type":"image\/jpeg","filesize":35913,"url":"https:\/\/www.dianacooperschoolofwhitelight.com\/wp-content\/uploads\/2025\/12\/Erwecke-deine-Koenigin-700x441.jpg"},"recent-works-thumbnail":{"width":66,"height":66,"mime-type":"image\/jpeg","filesize":1689,"url":"https:\/\/www.dianacooperschoolofwhitelight.com\/wp-content\/uploads\/2025\/12\/Erwecke-deine-Koenigin-66x66.jpg"},"fusion-200":{"width":200,"height":168,"mime-type":"image\/jpeg","filesize":5758,"url":"https:\/\/www.dianacooperschoolofwhitelight.com\/wp-content\/uploads\/2025\/12\/Erwecke-deine-Koenigin-200x168.jpg"},"fusion-400":{"width":400,"height":335,"mime-type":"image\/jpeg","filesize":16566,"url":"https:\/\/www.dianacooperschoolofwhitelight.com\/wp-content\/uploads\/2025\/12\/Erwecke-deine-Koenigin-400x335.jpg"},"fusion-600":{"width":600,"height":503,"mime-type":"image\/jpeg","filesize":32049,"url":"https:\/\/www.dianacooperschoolofwhitelight.com\/wp-content\/uploads\/2025\/12\/Erwecke-deine-Koenigin-600x503.jpg"},"fusion-800":{"width":800,"height":671,"mime-type":"image\/jpeg","filesize":51729,"url":"https:\/\/www.dianacooperschoolofwhitelight.com\/wp-content\/uploads\/2025\/12\/Erwecke-deine-Koenigin-800x671.jpg"},"portfolio-full":{"width":940,"height":400,"mime-type":"image\/jpeg","filesize":47381,"url":"https:\/\/www.dianacooperschoolofwhitelight.com\/wp-content\/uploads\/2025\/12\/Erwecke-deine-Koenigin-940x400.jpg"},"portfolio-one":{"width":540,"height":272,"mime-type":"image\/jpeg","filesize":20370,"url":"https:\/\/www.dianacooperschoolofwhitelight.com\/wp-content\/uploads\/2025\/12\/Erwecke-deine-Koenigin-540x272.jpg"},"portfolio-two":{"width":460,"height":295,"mime-type":"image\/jpeg","filesize":18112,"url":"https:\/\/www.dianacooperschoolofwhitelight.com\/wp-content\/uploads\/2025\/12\/Erwecke-deine-Koenigin-460x295.jpg"},"portfolio-three":{"width":300,"height":214,"mime-type":"image\/jpeg","filesize":9788,"url":"https:\/\/www.dianacooperschoolofwhitelight.com\/wp-content\/uploads\/2025\/12\/Erwecke-deine-Koenigin-300x214.jpg"},"portfolio-five":{"width":177,"height":142,"mime-type":"image\/jpeg","filesize":4709,"url":"https:\/\/www.dianacooperschoolofwhitelight.com\/wp-content\/uploads\/2025\/12\/Erwecke-deine-Koenigin-177x142.jpg"}}},"all_day":true,"start_date":"2026-03-07 00:00:00","start_date_details":{"year":"2026","month":"03","day":"07","hour":"00","minutes":"00","seconds":"00"},"end_date":"2026-03-08 23:59:59","end_date_details":{"year":"2026","month":"03","day":"08","hour":"23","minutes":"59","seconds":"59"},"utc_start_date":"2026-03-06 23:00:00","utc_start_date_details":{"year":"2026","month":"03","day":"06","hour":"23","minutes":"00","seconds":"00"},"utc_end_date":"2026-03-08 22:59:59","utc_end_date_details":{"year":"2026","month":"03","day":"08","hour":"22","minutes":"59","seconds":"59"},"timezone":"Europe\/Berlin","timezone_abbr":"CET","cost":"\u20ac440,00","cost_details":{"currency_symbol":"\u20ac","currency_code":"","currency_position":"","values":["440.00"]},"website":"https:\/\/praxis-detlefs.de\/erwecke-die-koenigin-in-dir\/","show_map":true,"show_map_link":true,"hide_from_listings":false,"sticky":false,"featured":false,"categories":[{"name":"Workshops","slug":"workshops-de","term_group":0,"term_taxonomy_id":190,"taxonomy":"tribe_events_cat","description":"","parent":0,"count":94,"filter":"raw","id":190,"urls":{"self":"https:\/\/www.dianacooperschoolofwhitelight.com\/de\/wp-json\/tribe\/events\/v1\/categories\/190","collection":"https:\/\/www.dianacooperschoolofwhitelight.com\/de\/wp-json\/tribe\/events\/v1\/categories"}}],"tags":[{"name":"Transform your life","slug":"transform-your-life-de","term_group":0,"term_taxonomy_id":219,"taxonomy":"post_tag","description":"","parent":0,"count":9,"filter":"raw","id":219,"urls":{"self":"https:\/\/www.dianacooperschoolofwhitelight.com\/de\/wp-json\/tribe\/events\/v1\/tags\/219","collection":"https:\/\/www.dianacooperschoolofwhitelight.com\/de\/wp-json\/tribe\/events\/v1\/tags"}},{"name":"weitere Themen","slug":"weitere-themen","term_group":0,"term_taxonomy_id":231,"taxonomy":"post_tag","description":"","parent":0,"count":23,"filter":"raw","id":231,"urls":{"self":"https:\/\/www.dianacooperschoolofwhitelight.com\/de\/wp-json\/tribe\/events\/v1\/tags\/231","collection":"https:\/\/www.dianacooperschoolofwhitelight.com\/de\/wp-json\/tribe\/events\/v1\/tags"}}],"venue":{"id":14310,"author":"49","status":"publish","date":"2024-03-04 16:31:21","date_utc":"2024-03-04 16:31:21","modified":"2024-03-04 16:31:21","modified_utc":"2024-03-04 16:31:21","url":"https:\/\/www.dianacooperschoolofwhitelight.com\/de\/venue\/d-88682-salem-am-bodensee-baden-wuerttemberg\/","venue":"D &#8211; 88682 Salem am Bodensee (Baden-W\u00fcrttemberg)","slug":"d-88682-salem-am-bodensee-baden-wuerttemberg","address":"Neufracher Strasse 6","city":"Salem am Bodensee","country":"Deutschland","province":"Baden-W\u00fcrttemberg","zip":"88682","phone":"++49-176-92282286","website":"https:\/\/praxis-detlefs.de\/","stateprovince":"Baden-W\u00fcrttemberg","json_ld":{"@type":"Place","name":"D &#8211; 88682 Salem am Bodensee (Baden-W\u00fcrttemberg)","description":"","url":"https:\/\/www.dianacooperschoolofwhitelight.com\/de\/venue\/d-88682-salem-am-bodensee-baden-wuerttemberg\/","address":{"@type":"PostalAddress","streetAddress":"Neufracher Strasse 6","addressLocality":"Salem am Bodensee","addressRegion":"Baden-W\u00fcrttemberg","postalCode":"88682","addressCountry":"Deutschland"},"telephone":"++49-176-92282286","sameAs":"https:\/\/praxis-detlefs.de\/"},"show_map":true,"show_map_link":true,"global_id":"www.dianacooperschoolofwhitelight.com\/de\/?id=14310","global_id_lineage":["www.dianacooperschoolofwhitelight.com\/de\/?id=14310"]},"organizer":[{"id":13005,"author":"1","status":"publish","date":"2019-07-29 16:25:03","date_utc":"2019-07-29 16:25:03","modified":"2019-07-29 16:25:03","modified_utc":"2019-07-29 16:25:03","url":"https:\/\/www.dianacooperschoolofwhitelight.com\/de\/organizer\/wiebke-detlefs\/","organizer":"Wiebke Detlefs","slug":"wiebke-detlefs","phone":"0049 (0) 176 922 822 86","website":"https:\/\/www.dianacooperschoolofwhitelight.com\/teacherlist\/wiebkedetlefs\/","email":"kontakt@praxis-detlefs.de","json_ld":{"@type":"Person","name":"Wiebke Detlefs","description":"","url":"https:\/\/www.dianacooperschoolofwhitelight.com\/teacherlist\/wiebkedetlefs\/","telephone":"0049 (0) 176 922 822 86","email":"ko&#110;&#116;akt&#64;pr&#97;x&#105;&#115;&#45;&#100;&#101;tl&#101;&#102;s&#46;d&#101;","sameAs":"https:\/\/www.dianacooperschoolofwhitelight.com\/teacherlist\/wiebkedetlefs\/"},"global_id":"www.dianacooperschoolofwhitelight.com\/de\/?id=13005","global_id_lineage":["www.dianacooperschoolofwhitelight.com\/de\/?id=13005"]}],"json_ld":{"@context":"http:\/\/schema.org","@type":"Event","name":"Erwecke die K\u00f6nigin in dir","description":"&lt;p&gt;Ein Kurs der Extraklasse f\u00fcr Frauen! Bist du bereit, deine  [...]&lt;\/p&gt;\\n","image":"https:\/\/www.dianacooperschoolofwhitelight.com\/wp-content\/uploads\/2025\/12\/Erwecke-deine-Koenigin.jpg","url":"https:\/\/www.dianacooperschoolofwhitelight.com\/de\/course\/erwecke-die-koenigin-in-dir\/","eventAttendanceMode":"https:\/\/schema.org\/OfflineEventAttendanceMode","eventStatus":"https:\/\/schema.org\/EventScheduled","startDate":"2026-03-07T00:00:00+01:00","endDate":"2026-03-08T23:59:59+01:00","location":{"@type":"Place","name":"D &#8211; 88682 Salem am Bodensee (Baden-W\u00fcrttemberg)","description":"","url":"https:\/\/www.dianacooperschoolofwhitelight.com\/de\/venue\/d-88682-salem-am-bodensee-baden-wuerttemberg\/","address":{"@type":"PostalAddress","streetAddress":"Neufracher Strasse 6","addressLocality":"Salem am Bodensee","addressRegion":"Baden-W\u00fcrttemberg","postalCode":"88682","addressCountry":"Deutschland"},"telephone":"++49-176-92282286","sameAs":"https:\/\/praxis-detlefs.de\/"},"organizer":{"@type":"Person","name":"Wiebke Detlefs","description":"","url":"https:\/\/www.dianacooperschoolofwhitelight.com\/teacherlist\/wiebkedetlefs\/","telephone":"0049 (0) 176 922 822 86","email":"kont&#97;&#107;t&#64;&#112;rax&#105;s&#45;d&#101;&#116;&#108;&#101;fs.d&#101;","sameAs":"https:\/\/www.dianacooperschoolofwhitelight.com\/teacherlist\/wiebkedetlefs\/"},"offers":{"@type":"Offer","price":"440,00","priceCurrency":"USD","url":"https:\/\/www.dianacooperschoolofwhitelight.com\/de\/course\/erwecke-die-koenigin-in-dir\/","category":"primary","availability":"inStock","validFrom":"1970-01-01T00:00:00+00:00"},"performer":"Organization"}}