{"id":20770,"global_id":"www.dianacooperschoolofwhitelight.com\/de\/?id=20770","global_id_lineage":["www.dianacooperschoolofwhitelight.com\/de\/?id=20770"],"author":"256","status":"publish","date":"2025-10-12 17:41:30","date_utc":"2025-10-12 17:41:30","modified":"2025-10-12 17:51:18","modified_utc":"2025-10-12 17:51:18","url":"https:\/\/www.dianacooperschoolofwhitelight.com\/de\/course\/die-kraft-der-galaktischen-drachen\/","rest_url":"https:\/\/www.dianacooperschoolofwhitelight.com\/de\/wp-json\/tribe\/events\/v1\/events\/20770","title":"\ud83d\udc09 \u2728 Die Kraft der galaktischen Drachen","description":"<div>\n<p style=\"font-weight: 400\"><strong>Die Kraft der galaktischen \ud83d\udc09 Drachen<\/strong><br \/>\n<em>Nutze die Drachenkr\u00e4fte des neuen Bewusstseins<\/em>\u00a0\u2728<\/p>\n<p style=\"font-weight: 400\">W\u00e4hrend wir uns gerade <strong>zu den Menschen des neuen Goldenen Zeitalters<\/strong> weiterentwickeln, wandelt sich unser ganzes Sein.<br \/>\nUnser physischer K\u00f6rper transformiert sich zu einem\u00a0<strong>kristallinen Lichtk\u00f6rper<\/strong>, damit wir mehr g\u00f6ttliches Licht in unseren Zellen, in unserem Bewusstsein und in unserem Herzen halten k\u00f6nnen. Und so k\u00f6nnen wir immer mehr auf die h\u00f6heren Lichtfrequenzen zugreifen. \u2728<\/p>\n<p style=\"font-weight: 400\">Die\u00a0<strong>galaktischen Drachen des Goldenen Zeitalters<\/strong>\u00a0m\u00f6chten dich in diesem kraftvollen Prozess liebevoll begleiten und unterst\u00fctzen. Sie helfen dir, deinen\u00a0<strong>kristallinen Lichtk\u00f6rper aufzubauen, zu aktivieren und zu st\u00e4rken und unterst\u00fctzen dich, deine Antakarana \u2013 die Br\u00fccke des Lichts \u2013 noch weiter auszudehnen.<\/strong><\/p>\n<p style=\"font-weight: 400\">Erlebe einen\u00a0<strong>hochschwingenden Nachmittag voller Licht und Transformation<\/strong>, gef\u00fchrt von den\u00a0<strong>Drachenkr\u00e4ften des neuen Bewusstseins. <\/strong>Sie \u00f6ffnen dir an diesem Nachmittag den Weg zur h\u00f6chsten Quelle.<\/p>\n<p style=\"font-weight: 400\">Gemeinsam mit den\u00a0<strong>goldenen Christusdrachen<\/strong>, den\u00a0<strong>Aquamarindrachen von Neptun<\/strong>, den\u00a0<strong>goldenen Sonnendrachen von Helios<\/strong> und weiteren hohen Drachenwesen erf\u00e4hrst du, wie sich\u00a0<strong>Himmel und Erde in dir vereinen.<\/strong><\/p>\n<p><span style=\"font-weight: 400\">Lass dich tragen und in deine h\u00f6chste Frequenz f\u00fchren \u2013 und werde zu einem<\/span><span style=\"font-weight: 400\">\u00a0<\/span><strong>strahlenden Lichtpfeiler<\/strong><span style=\"font-weight: 400\">, tief verankert und zugleich grenzenlos verbunden mit der Quelle allen Seins. <\/span><span style=\"font-weight: 400\">\ud83c\udf1f<\/span><\/p>\n<p>Herzliche \ud83d\udc09 Drachengr\u00fcsse, Kerstin Mara<\/p>\n<\/div>\n<div>\n<p>Anmeldungen: hallo@michaelis-energie.de<\/p>\n<p>&nbsp;<\/p>\n<\/div>","excerpt":"","slug":"die-kraft-der-galaktischen-drachen","image":{"url":"https:\/\/www.dianacooperschoolofwhitelight.com\/wp-content\/uploads\/2025\/10\/Die-Kraft-der-galaktischen-Drachen.jpg","id":20772,"extension":"jpg","width":940,"height":788,"filesize":118330,"sizes":{"medium":{"width":300,"height":251,"mime-type":"image\/jpeg","filesize":16687,"url":"https:\/\/www.dianacooperschoolofwhitelight.com\/wp-content\/uploads\/2025\/10\/Die-Kraft-der-galaktischen-Drachen-300x251.jpg"},"thumbnail":{"width":150,"height":150,"mime-type":"image\/jpeg","filesize":6653,"url":"https:\/\/www.dianacooperschoolofwhitelight.com\/wp-content\/uploads\/2025\/10\/Die-Kraft-der-galaktischen-Drachen-150x150.jpg"},"medium_large":{"width":768,"height":644,"mime-type":"image\/jpeg","filesize":78168,"url":"https:\/\/www.dianacooperschoolofwhitelight.com\/wp-content\/uploads\/2025\/10\/Die-Kraft-der-galaktischen-Drachen-768x644.jpg"},"blog-large":{"width":669,"height":272,"mime-type":"image\/jpeg","filesize":30901,"url":"https:\/\/www.dianacooperschoolofwhitelight.com\/wp-content\/uploads\/2025\/10\/Die-Kraft-der-galaktischen-Drachen-669x272.jpg"},"blog-medium":{"width":320,"height":202,"mime-type":"image\/jpeg","filesize":14287,"url":"https:\/\/www.dianacooperschoolofwhitelight.com\/wp-content\/uploads\/2025\/10\/Die-Kraft-der-galaktischen-Drachen-320x202.jpg"},"recent-posts":{"width":700,"height":441,"mime-type":"image\/jpeg","filesize":53447,"url":"https:\/\/www.dianacooperschoolofwhitelight.com\/wp-content\/uploads\/2025\/10\/Die-Kraft-der-galaktischen-Drachen-700x441.jpg"},"recent-works-thumbnail":{"width":66,"height":66,"mime-type":"image\/jpeg","filesize":2222,"url":"https:\/\/www.dianacooperschoolofwhitelight.com\/wp-content\/uploads\/2025\/10\/Die-Kraft-der-galaktischen-Drachen-66x66.jpg"},"fusion-200":{"width":200,"height":168,"mime-type":"image\/jpeg","filesize":8672,"url":"https:\/\/www.dianacooperschoolofwhitelight.com\/wp-content\/uploads\/2025\/10\/Die-Kraft-der-galaktischen-Drachen-200x168.jpg"},"fusion-400":{"width":400,"height":335,"mime-type":"image\/jpeg","filesize":26306,"url":"https:\/\/www.dianacooperschoolofwhitelight.com\/wp-content\/uploads\/2025\/10\/Die-Kraft-der-galaktischen-Drachen-400x335.jpg"},"fusion-600":{"width":600,"height":503,"mime-type":"image\/jpeg","filesize":51915,"url":"https:\/\/www.dianacooperschoolofwhitelight.com\/wp-content\/uploads\/2025\/10\/Die-Kraft-der-galaktischen-Drachen-600x503.jpg"},"fusion-800":{"width":800,"height":671,"mime-type":"image\/jpeg","filesize":83171,"url":"https:\/\/www.dianacooperschoolofwhitelight.com\/wp-content\/uploads\/2025\/10\/Die-Kraft-der-galaktischen-Drachen-800x671.jpg"},"portfolio-full":{"width":940,"height":400,"mime-type":"image\/jpeg","filesize":65363,"url":"https:\/\/www.dianacooperschoolofwhitelight.com\/wp-content\/uploads\/2025\/10\/Die-Kraft-der-galaktischen-Drachen-940x400.jpg"},"portfolio-one":{"width":540,"height":272,"mime-type":"image\/jpeg","filesize":26571,"url":"https:\/\/www.dianacooperschoolofwhitelight.com\/wp-content\/uploads\/2025\/10\/Die-Kraft-der-galaktischen-Drachen-540x272.jpg"},"portfolio-two":{"width":460,"height":295,"mime-type":"image\/jpeg","filesize":27022,"url":"https:\/\/www.dianacooperschoolofwhitelight.com\/wp-content\/uploads\/2025\/10\/Die-Kraft-der-galaktischen-Drachen-460x295.jpg"},"portfolio-three":{"width":300,"height":214,"mime-type":"image\/jpeg","filesize":14297,"url":"https:\/\/www.dianacooperschoolofwhitelight.com\/wp-content\/uploads\/2025\/10\/Die-Kraft-der-galaktischen-Drachen-300x214.jpg"},"portfolio-five":{"width":177,"height":142,"mime-type":"image\/jpeg","filesize":6826,"url":"https:\/\/www.dianacooperschoolofwhitelight.com\/wp-content\/uploads\/2025\/10\/Die-Kraft-der-galaktischen-Drachen-177x142.jpg"}}},"all_day":false,"start_date":"2025-10-26 14:00:00","start_date_details":{"year":"2025","month":"10","day":"26","hour":"14","minutes":"00","seconds":"00"},"end_date":"2025-10-26 18:00:00","end_date_details":{"year":"2025","month":"10","day":"26","hour":"18","minutes":"00","seconds":"00"},"utc_start_date":"2025-10-26 14:00:00","utc_start_date_details":{"year":"2025","month":"10","day":"26","hour":"14","minutes":"00","seconds":"00"},"utc_end_date":"2025-10-26 18:00:00","utc_end_date_details":{"year":"2025","month":"10","day":"26","hour":"18","minutes":"00","seconds":"00"},"timezone":"UTC+0","timezone_abbr":"UTC+0","cost":"EUR111,00","cost_details":{"currency_symbol":"EUR","currency_code":"","currency_position":"","values":["111.00"]},"website":"https:\/\/michaelis-energie.de\/drachen-magie\/","show_map":true,"show_map_link":true,"hide_from_listings":false,"sticky":false,"featured":false,"categories":[{"name":"Workshops","slug":"workshops-de","term_group":0,"term_taxonomy_id":190,"taxonomy":"tribe_events_cat","description":"","parent":0,"count":93,"filter":"raw","id":190,"urls":{"self":"https:\/\/www.dianacooperschoolofwhitelight.com\/de\/wp-json\/tribe\/events\/v1\/categories\/190","collection":"https:\/\/www.dianacooperschoolofwhitelight.com\/de\/wp-json\/tribe\/events\/v1\/categories"}}],"tags":[{"name":"Drachen","slug":"drachen-de","term_group":0,"term_taxonomy_id":220,"taxonomy":"post_tag","description":"","parent":0,"count":28,"filter":"raw","id":220,"urls":{"self":"https:\/\/www.dianacooperschoolofwhitelight.com\/de\/wp-json\/tribe\/events\/v1\/tags\/220","collection":"https:\/\/www.dianacooperschoolofwhitelight.com\/de\/wp-json\/tribe\/events\/v1\/tags"}}],"venue":{"id":3542,"author":"1","status":"publish","date":"2020-03-09 15:20:37","date_utc":"2020-03-09 15:20:37","modified":"2020-03-09 15:20:37","modified_utc":"2020-03-09 15:20:37","url":"https:\/\/www.dianacooperschoolofwhitelight.com\/venue\/online\/","venue":"Online","slug":"online","json_ld":{"@type":"Place","name":"Online","description":"","url":"https:\/\/www.dianacooperschoolofwhitelight.com\/venue\/online\/","address":{"@type":"PostalAddress"},"telephone":"","sameAs":""},"show_map":true,"show_map_link":true,"global_id":"www.dianacooperschoolofwhitelight.com\/de\/?id=3542","global_id_lineage":["www.dianacooperschoolofwhitelight.com\/de\/?id=3542"]},"organizer":[{"id":12744,"author":"1","status":"publish","date":"2023-07-07 19:53:20","date_utc":"2023-07-07 19:53:20","modified":"2023-07-07 19:53:20","modified_utc":"2023-07-07 19:53:20","url":"https:\/\/www.dianacooperschoolofwhitelight.com\/de\/organizer\/kerstin-michaelis\/","organizer":"Kerstin Michaelis","slug":"kerstin-michaelis","website":"http:\/\/www.michaelis-energie.de\/","email":"kerstin@michaelis-energie.de","json_ld":{"@type":"Person","name":"Kerstin Michaelis","description":"","url":"http:\/\/www.michaelis-energie.de\/","telephone":"","email":"&#107;er&#115;&#116;&#105;n&#64;m&#105;&#99;h&#97;e&#108;&#105;s-ener&#103;&#105;e.d&#101;","sameAs":"http:\/\/www.michaelis-energie.de\/"},"global_id":"www.dianacooperschoolofwhitelight.com\/de\/?id=12744","global_id_lineage":["www.dianacooperschoolofwhitelight.com\/de\/?id=12744"]}],"json_ld":{"@context":"http:\/\/schema.org","@type":"Event","name":"\ud83d\udc09 \u2728 Die Kraft der galaktischen Drachen","description":"&lt;p&gt;Die Kraft der galaktischen \ud83d\udc09 Drachen Nutze die Drachenkr\u00e4fte des  [...]&lt;\/p&gt;\\n","image":"https:\/\/www.dianacooperschoolofwhitelight.com\/wp-content\/uploads\/2025\/10\/Die-Kraft-der-galaktischen-Drachen.jpg","url":"https:\/\/www.dianacooperschoolofwhitelight.com\/de\/course\/die-kraft-der-galaktischen-drachen\/","eventAttendanceMode":"https:\/\/schema.org\/OfflineEventAttendanceMode","eventStatus":"https:\/\/schema.org\/EventScheduled","startDate":"2025-10-26T14:00:00+00:00","endDate":"2025-10-26T18:00:00+00:00","location":{"@type":"Place","name":"Online","description":"","url":"https:\/\/www.dianacooperschoolofwhitelight.com\/venue\/online\/","address":{"@type":"PostalAddress"},"telephone":"","sameAs":""},"organizer":{"@type":"Person","name":"Kerstin Michaelis","description":"","url":"http:\/\/www.michaelis-energie.de\/","telephone":"","email":"k&#101;&#114;&#115;t&#105;n&#64;m&#105;ch&#97;&#101;lis-&#101;&#110;ergi&#101;.&#100;e","sameAs":"http:\/\/www.michaelis-energie.de\/"},"offers":{"@type":"Offer","price":"111,00","priceCurrency":"USD","url":"https:\/\/www.dianacooperschoolofwhitelight.com\/de\/course\/die-kraft-der-galaktischen-drachen\/","category":"primary","availability":"inStock","validFrom":"1970-01-01T00:00:00+00:00"},"performer":"Organization"}}